{"id":1037,"date":"2018-06-11T10:27:16","date_gmt":"2018-06-11T08:27:16","guid":{"rendered":"http:\/\/www.umo.edu.bi\/?p=1037"},"modified":"2018-06-11T10:27:16","modified_gmt":"2018-06-11T08:27:16","slug":"bulletin-no-109","status":"publish","type":"post","link":"http:\/\/www.umo.edu.bi\/?p=1037","title":{"rendered":"Bulletin no 109"},"content":{"rendered":"<p><b>Cl\u00f4ture et ouverture de l\u2019ann\u00e9e pastorale pour l\u2019Universit\u00e9<\/b>. En dates des 26 et 27 mai 2018, le Campus Kibumbu avait des convives de marque. SE Mgr Simon NTAMWANA, Archev\u00eaque de Gitega, les Religieux de Kibumbu et des alentours, les \u00e9tudiants repr\u00e9sentants des autres campus universitaires de l\u2019Archidioc\u00e8se, les fonctionnaires et les op\u00e9rateurs \u00e9conomiques des environs. A cette occasion, une messe a \u00e9t\u00e9 dite au cours de laquelle un sacrement de confirmation a \u00e9t\u00e9 donn\u00e9 \u00e0 6 \u00e9tudiants et une autorisation de donner la communion aux fid\u00e8les qui participent \u00e0 la messe des \u00e9tudiants a \u00e9t\u00e9 donn\u00e9e \u00e0 9 \u00e9tudiants, par SE Mgr l\u2019Archev\u00eaque de Gitega.  Rappelons que Mgr NTAMWANA a donn\u00e9 \u00e0 l\u2019Universit\u00e9 de Mwaro un terrain d\u20191 ha pour construire une chapelle universitaire et une aum\u00f4nerie. Cette messe avait \u00e9t\u00e9 pr\u00e9c\u00e9d\u00e9e la veille par une conf\u00e9rence sur la Nouvelle \u00e9thique mondiale. Elle a \u00e9t\u00e9 anim\u00e9e par l\u2019Abb\u00e9 F\u00e9lix FUPI, Cur\u00e9 de la Paroisse Cath\u00e9drale Regina Mundi  qui a pr\u00e9cis\u00e9 qu\u2019il s\u2019agit d\u2019une pression silencieuse sur les valeurs morales et culturelles. Elle aura dur\u00e9 de 15 h \u00e0 22h30\u2019 et avait connu une grande affluence. La journ\u00e9e du 27 a \u00e9t\u00e9 cl\u00f4tur\u00e9e par un verre d\u2019amiti\u00e9 autour des \u00e9changes de cadeaux, et une r\u00e9it\u00e9ration de Mgr NTAMWANA de contribuer \u00e0 la construction de la chapelle universitaire.    <\/p>\n<p><b>Une r\u00e9union conjointe entre les organes de l\u2019AFREM, de l\u2019Universit\u00e9 de Mwaro et de la Clinique Universitaire a eu lieu<\/b>. C\u2019\u00e9tait le 1er Juin 2018. La r\u00e9union a eu lieu entre les organes de l\u2019AFREM (Comit\u00e9 Ex\u00e9cutif, Comit\u00e9 de Surveillance), le Conseil d\u2019Administration de l\u2019Universit\u00e9 de Mwaro, le Recteur, les diff\u00e9rents Directeurs, le M\u00e9decin Directeur de la Clinique, les diff\u00e9rents Chefs de d\u00e9partements de la Clinique. L\u2019ordre du jour \u00e9tait : a) revisiter le projet de statuts de l\u2019Universit\u00e9 de Mwaro avant sa pr\u00e9sentation \u00e0 l\u2019assembl\u00e9e g\u00e9n\u00e9rale de l\u2019AFREM ; b) amorcer la r\u00e9daction d\u2019un document de remise et reprise entre l\u2019ancien Comit\u00e9 Ex\u00e9cutif de l\u2019Universit\u00e9 de Mwaro et le nouveau Comit\u00e9 Ex\u00e9cutif de l\u2019AFREM. Un document pr\u00e9par\u00e9 par l\u2019ancien Pr\u00e9sident du Comit\u00e9 Ex\u00e9cutif\/UM a servi de point de d\u00e9part pour cette amorce ; c) identifier, r\u00e9partir et programmer les t\u00e2ches des diff\u00e9rents organes de l\u2019AFREM, de l\u2019UM et de la Clinique. La r\u00e9union \u00e9tait conduite par P. Liboire KAGABO et a dur\u00e9 entre 11h et 14h40\u2019. Apr\u00e8s \u00e9changes, chacun des organes est parti apr\u00e8s avoir vu clair par rapport \u00e0 toutes les t\u00e2ches \u00e0 r\u00e9aliser jusqu\u2019\u00e0 la fin de l\u2019ann\u00e9e acad\u00e9mique. En outre, les membres des organes pr\u00e9sents ont de nouveau annot\u00e9 les documents qui seront les outils de travail de la prochaine assembl\u00e9e g\u00e9n\u00e9rale pr\u00e9vue \u00e0 la fin Juillet 2018.    <\/p>\n<p><b>Prolongation des d\u00e9lais pour la soutenance des m\u00e9moires<\/b>. La date limite de soutenance des m\u00e9moires avait \u00e9t\u00e9 fix\u00e9e au 31 Mai 2018 par le Minist\u00e8re de tutelle. Celui-ci vient de revoir cette d\u00e9cision et l\u2019a prolong\u00e9 jusqu\u2019en D\u00e9cembre 2018, ayant r\u00e9alis\u00e9 sans doute que bon nombre d\u2019institutions n\u2019avaient pas encore termin\u00e9 pour clore l\u2019ancien syst\u00e8me de licence. Pour notre universit\u00e9, le pari a \u00e9t\u00e9 presque gagn\u00e9 et il ne reste que 2  m\u00e9moires, donc 4 \u00e9tudiants.  <\/p>\n","protected":false},"excerpt":{"rendered":"<p>Cl\u00f4ture et ouverture de l\u2019ann\u00e9e pastorale pour l\u2019Universit\u00e9. En dates des 26 et 27 mai 2018, le Campus Kibumbu avait des convives de marque. SE Mgr Simon NTAMWANA, Archev\u00eaque de Gitega, les Religieux de Kibumbu et des alentours, les \u00e9tudiants repr\u00e9sentants des autres campus universitaires de l\u2019Archidioc\u00e8se, les fonctionnaires et les op\u00e9rateurs \u00e9conomiques des environs. [&hellip;]<\/p>\n","protected":false},"author":5,"featured_media":0,"comment_status":"open","ping_status":"open","sticky":false,"template":"","format":"standard","meta":{"footnotes":""},"categories":[3],"tags":[],"class_list":["post-1037","post","type-post","status-publish","format-standard","hentry","category-bul"],"_links":{"self":[{"href":"http:\/\/www.umo.edu.bi\/index.php?rest_route=\/wp\/v2\/posts\/1037","targetHints":{"allow":["GET"]}}],"collection":[{"href":"http:\/\/www.umo.edu.bi\/index.php?rest_route=\/wp\/v2\/posts"}],"about":[{"href":"http:\/\/www.umo.edu.bi\/index.php?rest_route=\/wp\/v2\/types\/post"}],"author":[{"embeddable":true,"href":"http:\/\/www.umo.edu.bi\/index.php?rest_route=\/wp\/v2\/users\/5"}],"replies":[{"embeddable":true,"href":"http:\/\/www.umo.edu.bi\/index.php?rest_route=%2Fwp%2Fv2%2Fcomments&post=1037"}],"version-history":[{"count":1,"href":"http:\/\/www.umo.edu.bi\/index.php?rest_route=\/wp\/v2\/posts\/1037\/revisions"}],"predecessor-version":[{"id":1038,"href":"http:\/\/www.umo.edu.bi\/index.php?rest_route=\/wp\/v2\/posts\/1037\/revisions\/1038"}],"wp:attachment":[{"href":"http:\/\/www.umo.edu.bi\/index.php?rest_route=%2Fwp%2Fv2%2Fmedia&parent=1037"}],"wp:term":[{"taxonomy":"category","embeddable":true,"href":"http:\/\/www.umo.edu.bi\/index.php?rest_route=%2Fwp%2Fv2%2Fcategories&post=1037"},{"taxonomy":"post_tag","embeddable":true,"href":"http:\/\/www.umo.edu.bi\/index.php?rest_route=%2Fwp%2Fv2%2Ftags&post=1037"}],"curies":[{"name":"wp","href":"https:\/\/api.w.org\/{rel}","templated":true}]}}